{"id":2257,"date":"2019-12-06T10:26:24","date_gmt":"2019-12-06T09:26:24","guid":{"rendered":"https:\/\/puntogar.com\/blog\/?p=2257"},"modified":"2019-12-06T10:26:26","modified_gmt":"2019-12-06T09:26:26","slug":"cuales-son-las-mejores-cortinas-para-el-salon","status":"publish","type":"post","link":"https:\/\/puntogar.com\/blog\/cuales-son-las-mejores-cortinas-para-el-salon","title":{"rendered":"\u00bfCu\u00e1les son las Mejores Cortinas para el Sal\u00f3n?"},"content":{"rendered":"\n<figure class=\"wp-block-image size-large\"><img loading=\"lazy\" width=\"1024\" height=\"698\" src=\"https:\/\/puntogar.com\/blog\/wp-content\/uploads\/2019\/12\/Estores-y-cortinas-para-salon-en-noche-y-dia-1-1024x698.jpeg\" alt=\"\" class=\"wp-image-2261\" srcset=\"https:\/\/puntogar.com\/blog\/wp-content\/uploads\/2019\/12\/Estores-y-cortinas-para-salon-en-noche-y-dia-1-1024x698.jpeg 1024w, https:\/\/puntogar.com\/blog\/wp-content\/uploads\/2019\/12\/Estores-y-cortinas-para-salon-en-noche-y-dia-1-300x205.jpeg 300w, https:\/\/puntogar.com\/blog\/wp-content\/uploads\/2019\/12\/Estores-y-cortinas-para-salon-en-noche-y-dia-1-768x524.jpeg 768w, https:\/\/puntogar.com\/blog\/wp-content\/uploads\/2019\/12\/Estores-y-cortinas-para-salon-en-noche-y-dia-1-1536x1048.jpeg 1536w, https:\/\/puntogar.com\/blog\/wp-content\/uploads\/2019\/12\/Estores-y-cortinas-para-salon-en-noche-y-dia-1-2048x1397.jpeg 2048w, https:\/\/puntogar.com\/blog\/wp-content\/uploads\/2019\/12\/Estores-y-cortinas-para-salon-en-noche-y-dia-1-945x645.jpeg 945w, https:\/\/puntogar.com\/blog\/wp-content\/uploads\/2019\/12\/Estores-y-cortinas-para-salon-en-noche-y-dia-1-600x409.jpeg 600w\" sizes=\"(max-width: 1024px) 100vw, 1024px\" \/><\/figure>\n\n\n\n<p>El sal\u00f3n de tu casa decorado con sus cortinas verticales es para t\u00ed todo un orgullo de tu af\u00e1n decorativo.<\/p>\n\n\n\n<p>Pero precisamente por ese inter\u00e9s que siempre tienes de conocer otras formas de decoraci\u00f3n, te gustar\u00eda ver OTRAS opciones interioristas incluyendo tambi\u00e9n la cortina vertical para imaginarlas en tu casa y evaluar si son viables.<\/p>\n\n\n\n<p>Pero por desgracia, en las grandes superficies que sueles visitar ya sabes que no te podr\u00e1s documentar tanto.<\/p>\n\n\n\n<p>Por eso en Puntogar, que es una tienda online especializada en complementos del hogar, te vamos a hablar de cuales son las mejores cortinas para el sal\u00f3n.<\/p>\n\n\n\n<p>Una vez hayas le\u00eddo este post las conocer\u00e1s todas y seguro que tendr\u00e1s planes ilusiones para tu pr\u00f3ximo cambio de imagen en tu sal\u00f3n.<\/p>\n\n\n\n<p><em>Presta atenci\u00f3n porque esto es muy interesante de saber:<\/em><\/p>\n\n\n\n<p><strong>Cortinas verticales<\/strong><\/p>\n\n\n\n<p>Las cortinas verticales son las primeras que vamos a comentarte.<\/p>\n\n\n\n<p>Empezaron formando parte de oficinas, despachos e incluso de escaparates, pero la decoraci\u00f3n interiorista dom\u00e9stica se fij\u00f3 tambi\u00e9n en ellas y curiosamente las ha adoptado hasta el punto de aventajar en presencia en los hogares a las cortinas verticales del \u00e1mbito profesional.<\/p>\n\n\n\n<p>La raz\u00f3n es principalmente lo vistosas que son para sal\u00f3n<\/p>\n\n\n\n<p>En el cat\u00e1logo de Puntogar puedes encontrar interesantes modelos como el Tur\u00edn con tejido traslucido o la cortina vertical Ibiza de tejido screen.<\/p>\n\n\n\n<p>Y es que con las cortinas verticales tienes la posibilidad bien disfrutar de las mismas ventajas que proporcionan los estores screen, algo muy importante a tener en cuenta porque son muchas y todas propician CALIDAD DE VIDA.<\/p>\n\n\n\n<p><strong>Estores enrollables<\/strong><br><\/p>\n\n\n\n<figure class=\"wp-block-image size-large\"><img loading=\"lazy\" width=\"1024\" height=\"683\" src=\"https:\/\/puntogar.com\/blog\/wp-content\/uploads\/2019\/12\/Estores-dia-y-noche-en-ventanas-2-1024x683.jpeg\" alt=\"\" class=\"wp-image-2263\" srcset=\"https:\/\/puntogar.com\/blog\/wp-content\/uploads\/2019\/12\/Estores-dia-y-noche-en-ventanas-2-1024x683.jpeg 1024w, https:\/\/puntogar.com\/blog\/wp-content\/uploads\/2019\/12\/Estores-dia-y-noche-en-ventanas-2-300x200.jpeg 300w, https:\/\/puntogar.com\/blog\/wp-content\/uploads\/2019\/12\/Estores-dia-y-noche-en-ventanas-2-768x512.jpeg 768w, https:\/\/puntogar.com\/blog\/wp-content\/uploads\/2019\/12\/Estores-dia-y-noche-en-ventanas-2-1536x1024.jpeg 1536w, https:\/\/puntogar.com\/blog\/wp-content\/uploads\/2019\/12\/Estores-dia-y-noche-en-ventanas-2-2048x1365.jpeg 2048w, https:\/\/puntogar.com\/blog\/wp-content\/uploads\/2019\/12\/Estores-dia-y-noche-en-ventanas-2-945x630.jpeg 945w, https:\/\/puntogar.com\/blog\/wp-content\/uploads\/2019\/12\/Estores-dia-y-noche-en-ventanas-2-600x400.jpeg 600w\" sizes=\"(max-width: 1024px) 100vw, 1024px\" \/><\/figure>\n\n\n\n<p>Con los estores enrollables dispones de todo un universo de opciones empezando por la alta VARIEDAD de tipos, modelos y formatos que existen.<\/p>\n\n\n\n<p>Pero, y con esto ya tenemos que hacer referencia a los estores screen, muy especialmente por las funciones que desempe\u00f1an gracias a las caracter\u00edsticas tan peculiares que tienen, especialmente en su tejido.<\/p>\n\n\n\n<p><em>\u00bfTe gustar\u00eda saber cu\u00e1les son?<\/em><\/p>\n\n\n\n<p>Tienen muchas pero por nombrar las m\u00e1s destacadas, su tejido puede ser IGN\u00cdFUGO; lo cual es toda una garant\u00eda de seguridad si instalas <a href=\"https:\/\/puntogar.com\/estores-cocina-181\">estores de cocina<\/a> e igualmente tambi\u00e9n pueden repeler las part\u00edculas del polvo, por lo que su limpieza es r\u00e1pida y sencilla.<\/p>\n\n\n\n<p>Y en \u00faltimo lugar por no extendernos m\u00e1s citando caracter\u00edsticas, el estor screen es un excelente filtro solar que protege de los rayos UV todo cuanto haya en el interior de la estancia.<\/p>\n\n\n\n<p><em>Pero es muy importante que sepas<\/em><\/p>\n\n\n\n<p>Siempre debes tener la seguridad de que al comprar tus estores a medida sean fabricados con un alto nivel de categor\u00eda.<\/p>\n\n\n\n<p>De ese modo los que instales en tu casa tendr\u00e1n estas caracter\u00edsticas tan importantes y muchas m\u00e1s.<\/p>\n\n\n\n<p>Este es el caso de los <a href=\"https:\/\/puntogar.com\/estores-enrollables-25\">estores fabricados a medida<\/a> que puedes encontrar en Puntogar, ya que todos los productos de su cat\u00e1logo online son de calidad certificada y te garantizan estar a la debida altura tecnol\u00f3gica y con todas sus prestaciones al completo.<\/p>\n\n\n\n<p><strong>Persianas venecianas de madera<\/strong><br><\/p>\n\n\n\n<figure class=\"wp-block-image size-large\"><img loading=\"lazy\" width=\"1024\" height=\"683\" src=\"https:\/\/puntogar.com\/blog\/wp-content\/uploads\/2019\/12\/Persianas-venecianas-de-madera-1024x683.jpeg\" alt=\"\" class=\"wp-image-2262\" srcset=\"https:\/\/puntogar.com\/blog\/wp-content\/uploads\/2019\/12\/Persianas-venecianas-de-madera-1024x683.jpeg 1024w, https:\/\/puntogar.com\/blog\/wp-content\/uploads\/2019\/12\/Persianas-venecianas-de-madera-300x200.jpeg 300w, https:\/\/puntogar.com\/blog\/wp-content\/uploads\/2019\/12\/Persianas-venecianas-de-madera-768x512.jpeg 768w, https:\/\/puntogar.com\/blog\/wp-content\/uploads\/2019\/12\/Persianas-venecianas-de-madera-1536x1024.jpeg 1536w, https:\/\/puntogar.com\/blog\/wp-content\/uploads\/2019\/12\/Persianas-venecianas-de-madera-2048x1365.jpeg 2048w, https:\/\/puntogar.com\/blog\/wp-content\/uploads\/2019\/12\/Persianas-venecianas-de-madera-945x630.jpeg 945w, https:\/\/puntogar.com\/blog\/wp-content\/uploads\/2019\/12\/Persianas-venecianas-de-madera-600x400.jpeg 600w\" sizes=\"(max-width: 1024px) 100vw, 1024px\" \/><\/figure>\n\n\n\n<p>No podemos dejar atr\u00e1s en nuestra recomendaci\u00f3n para tu precioso sal\u00f3n a las persianas venecianas de madera o aluminio.<\/p>\n\n\n\n<p>Desde aquellas ya lejanas que sol\u00edan verse en las antiguas oficinas a las que hoy puedes tener acceso va todo un mundo de avance tecnol\u00f3gico.<\/p>\n\n\n\n<p>Concretamente<a href=\"https:\/\/puntogar.com\/persianas-venecianas-17\"> en las venecianas de aluminio<\/a> las lamas pueden ser de tipo indeformable lo que le evitan dobleces y abolladuras, manteniendo siempre un estado impecable.<\/p>\n\n\n\n<p>Las persianas venecianas de madera transmiten ELEGANCIA Y PERSONALIDAD y hoy d\u00eda puedes combinar sus colores tanto en sus anchas lamas como con las bandas que forman su estructura.<\/p>\n\n\n\n<p><em>No olvides esto<\/em><\/p>\n\n\n\n<p>Aunque te gusten mucho las cortinas verticales, ya est\u00e1s viendo que hay otros complementos para ventanas que tambi\u00e9n pueden dar ese toque de originalidad que buscas en tu sal\u00f3n, como por ejemplo las venecianas hechas a medida.<\/p>\n\n\n\n<p>Pidi\u00e9ndolas en el cat\u00e1logo online de Puntogar, evitar\u00e1s desplazamientos y las recibir\u00e1s en casa directamente desde f\u00e1brica en un kit con todo lo necesario para instalarlas tanto a techo como a pared. E incluso si quieres, SIN tener que TALADRAR<\/p>\n\n\n\n<p>En este v\u00eddeo puedes apreciar c\u00f3mo se lleva a cabo la instalaci\u00f3n de una persiana veneciana a medida evitando el uso del taladro:<\/p>\n\n\n\n<figure class=\"wp-block-embed-youtube wp-block-embed is-type-video is-provider-youtube wp-embed-aspect-16-9 wp-has-aspect-ratio\"><div class=\"wp-block-embed__wrapper\">\n<iframe loading=\"lazy\" title=\"Persiana veneciana \u00bfSe puede instalar y sujetar sin taladrar?\" width=\"676\" height=\"380\" src=\"https:\/\/www.youtube.com\/embed\/BVJSNooMAuE?feature=oembed\" frameborder=\"0\" allow=\"accelerometer; autoplay; encrypted-media; gyroscope; picture-in-picture\" allowfullscreen><\/iframe>\n<\/div><\/figure>\n\n\n\n<p><em>\u00bfCual ser\u00eda la mejor opci\u00f3n para t\u00ed?\u00bfTe ha gustado el post? No olvides darle al like y seguirnos en las redes sociales. Tenemos mucha m\u00e1s informaci\u00f3n interesante para tu hogar.<\/em><br><\/p>\n","protected":false},"excerpt":{"rendered":"<p>El sal\u00f3n de tu casa decorado con sus cortinas verticales es para t\u00ed todo un orgullo de tu af\u00e1n decorativo. Pero precisamente por ese inter\u00e9s que siempre tienes de conocer otras formas de decoraci\u00f3n, te gustar\u00eda ver OTRAS opciones interioristas&#8230; <a class=\"more-link\" href=\"https:\/\/puntogar.com\/blog\/cuales-son-las-mejores-cortinas-para-el-salon\">Seguir leyendo &rarr;<\/a><\/p>\n","protected":false},"author":1,"featured_media":0,"comment_status":"open","ping_status":"open","sticky":false,"template":"","format":"standard","meta":{"amp_status":""},"categories":[3],"tags":[],"_links":{"self":[{"href":"https:\/\/puntogar.com\/blog\/wp-json\/wp\/v2\/posts\/2257"}],"collection":[{"href":"https:\/\/puntogar.com\/blog\/wp-json\/wp\/v2\/posts"}],"about":[{"href":"https:\/\/puntogar.com\/blog\/wp-json\/wp\/v2\/types\/post"}],"author":[{"embeddable":true,"href":"https:\/\/puntogar.com\/blog\/wp-json\/wp\/v2\/users\/1"}],"replies":[{"embeddable":true,"href":"https:\/\/puntogar.com\/blog\/wp-json\/wp\/v2\/comments?post=2257"}],"version-history":[{"count":1,"href":"https:\/\/puntogar.com\/blog\/wp-json\/wp\/v2\/posts\/2257\/revisions"}],"predecessor-version":[{"id":2264,"href":"https:\/\/puntogar.com\/blog\/wp-json\/wp\/v2\/posts\/2257\/revisions\/2264"}],"wp:attachment":[{"href":"https:\/\/puntogar.com\/blog\/wp-json\/wp\/v2\/media?parent=2257"}],"wp:term":[{"taxonomy":"category","embeddable":true,"href":"https:\/\/puntogar.com\/blog\/wp-json\/wp\/v2\/categories?post=2257"},{"taxonomy":"post_tag","embeddable":true,"href":"https:\/\/puntogar.com\/blog\/wp-json\/wp\/v2\/tags?post=2257"}],"curies":[{"name":"wp","href":"https:\/\/api.w.org\/{rel}","templated":true}]}}