{"id":1754,"date":"2018-04-12T12:14:28","date_gmt":"2018-04-12T11:14:28","guid":{"rendered":"https:\/\/puntogar.com\/blog\/?p=1754"},"modified":"2021-03-07T18:40:28","modified_gmt":"2021-03-07T17:40:28","slug":"8-tips-decorar-terraza-balcon","status":"publish","type":"post","link":"https:\/\/puntogar.com\/blog\/8-tips-decorar-terraza-balcon","title":{"rendered":"8 tips para decorar tu terraza o balc\u00f3n"},"content":{"rendered":"<p dir=\"ltr\">Los d\u00edas de sol cada vez son m\u00e1s abundantes. Las temperaturas suben y, con ellas, las ganas de disfrutar del buen tiempo aumentan cada vez m\u00e1s. Despu\u00e9s del invierno, parece que tu casa sigue apagada, arrastrando a\u00fan esa sensaci\u00f3n de tristeza y frialdad.<\/p>\n<p dir=\"ltr\">Necesitas darle vida y color a tu hogar, aportar ese toque de naturalidad acompa\u00f1ado de un estilismo muy cuidado.<\/p>\n<p dir=\"ltr\">\u00a1Debes ponerte manos a la obra y empezar a trabajar en el cambio que tu hogar necesita!<\/p>\n<p dir=\"ltr\">\u00bfQu\u00e9 espacio requiere mayor cuidado en los meses de buen tiempo?<\/p>\n<p dir=\"ltr\">\u00a1Sin duda! La terraza o el balc\u00f3n de tu casa.<\/p>\n<p dir=\"ltr\">Es imprescindible cuidar cada detalle y crear un lugar de tranquilidad y de paz. Si no sabes por donde empezar, no te preocupes, te voy a dar 8 ideas geniales para cambiar tu terraza aburrido e ins\u00edpido por un espacio de relax, de reuniones o, incluso, de comidas.&nbsp;<\/p>\n<p dir=\"ltr\">\n<p dir=\"ltr\"><strong>\u00bfC\u00f3mo decorar una terraza o balc\u00f3n?<\/strong><\/p>\n<p dir=\"ltr\"><strong>1. Organizaci\u00f3n del espacio disponible<\/strong><\/p>\n<p dir=\"ltr\">Lo m\u00e1s importante a tener en cuenta antes de empezar a decorar un balc\u00f3n o una terraza es el espacio del que disponemos. Si solo tienes balc\u00f3n y, su tama\u00f1o no es muy grande, debes tener bien claro qu\u00e9 detalles le vas a poner. En cambio, si tienes la suerte de que a tu casa la acompa\u00f1e una terraza, podr\u00e1s dejar volar un poco m\u00e1s tu imaginaci\u00f3n y darle mucho uso.<\/p>\n<p dir=\"ltr\">Pero, no te preocupes, tengas el espacio que tengas, puedes hacer algo realmente incre\u00edble.<\/p>\n<p dir=\"ltr\">\u00bfDispones de un balc\u00f3n peque\u00f1o pero acogedor?<\/p>\n<p dir=\"ltr\">Primero debes tener claro qu\u00e9 es lo que necesitas. Para m\u00ed, lo m\u00e1s importante es una peque\u00f1a mesa central y un par de taburetes donde sentarse. A partir de ah\u00ed, puedes ir a\u00f1adiendo detalles que decoren a tu gusto el balc\u00f3n. Las plantas son necesarias, pero tambi\u00e9n puedes a\u00f1adir alg\u00fan detalle decorativo como son los portavelas para crear ambientes c\u00e1lidos y, alg\u00fan vaso o botella decorados por ti. M\u00e1s adelante te cuento c\u00f3mo hacer esto \u00faltimo.&nbsp;<\/p>\n<p dir=\"ltr\">Hay mucha variedad si quieres redise\u00f1ar tu terraza, puedes <span style=\"color: rgb(108, 217, 230);\"><a href=\"http:\/\/www.elmueble.com\/estancias\/terrazas\/propuestas-para-restyling-terraza_41617\/2\" style=\"outline: currentcolor none medium;\" rel=\"nofollow\">encontrar sitios<\/a><\/span> donde te dan <span style=\"color: rgb(106, 207, 232);\">muchas ideas<\/span>.<\/p>\n<p><span><img loading=\"lazy\" alt=\"\" title=\"distribucion.jpg\" data-id=\"1756\" data-src=\"\/\/puntogar.com\/blog\/wp-content\/uploads\/2018\/04\/distribucion.jpg\" src=\"\/\/puntogar.com\/blog\/wp-content\/uploads\/2018\/04\/distribucion.jpg\" width=\"600\" height=\"400\"><img loading=\"lazy\"  alt=\"\" title=\"distribucion.jpg\" data-id=\"1756\"  width=\"600\" height=\"400\" data-src=\"\/\/puntogar.com\/blog\/wp-content\/uploads\/2018\/04\/distribucion.jpg\" src=\"data:image\/gif;base64,R0lGODlhAQABAAAAACH5BAEKAAEALAAAAAABAAEAAAICTAEAOw==\"><img loading=\"lazy\"  alt=\"\" title=\"distribucion.jpg\" data-id=\"1756\"  width=\"600\" height=\"400\" data-src=\"\/\/puntogar.com\/blog\/wp-content\/uploads\/2018\/04\/distribucion.jpg\" src=\"data:image\/gif;base64,R0lGODlhAQABAAAAACH5BAEKAAEALAAAAAABAAEAAAICTAEAOw==\"><img loading=\"lazy\" alt=\"\" title=\"distribucion.jpg\" data-id=\"1756\" src=\"\/\/puntogar.com\/blog\/wp-content\/uploads\/2018\/04\/distribucion.jpg\" width=\"600\" height=\"400\"><\/span><\/p>\n<p dir=\"ltr\">Si tienes una terraza, da igual donde est\u00e9, bien en el patio de luces o arriba de tu casa o piso, puedes extenderte m\u00e1s y colocar una mesa, el tama\u00f1o lo debes elegir tu dependiendo del espacio que tengas, y unas sillas o pufs. En este caso, un sof\u00e1 no puede faltar, te dar\u00e1 esos momentos de relax total.<\/p>\n<p><span><img loading=\"lazy\" alt=\"\" title=\"puffs-sofa-y-mesa-red.jpg\" data-id=\"1760\" data-src=\"\/\/puntogar.com\/blog\/wp-content\/uploads\/2018\/04\/puffs-sofa-y-mesa-red.jpg\" src=\"\/\/puntogar.com\/blog\/wp-content\/uploads\/2018\/04\/puffs-sofa-y-mesa-red.jpg\" width=\"650\" height=\"427\"><img loading=\"lazy\"  alt=\"\" title=\"puffs-sofa-y-mesa-red.jpg\" data-id=\"1760\"  width=\"650\" height=\"427\" data-src=\"\/\/puntogar.com\/blog\/wp-content\/uploads\/2018\/04\/puffs-sofa-y-mesa-red.jpg\" src=\"data:image\/gif;base64,R0lGODlhAQABAAAAACH5BAEKAAEALAAAAAABAAEAAAICTAEAOw==\"><img loading=\"lazy\"  alt=\"\" title=\"puffs-sofa-y-mesa-red.jpg\" data-id=\"1760\"  width=\"650\" height=\"427\" data-src=\"\/\/puntogar.com\/blog\/wp-content\/uploads\/2018\/04\/puffs-sofa-y-mesa-red.jpg\" src=\"data:image\/gif;base64,R0lGODlhAQABAAAAACH5BAEKAAEALAAAAAABAAEAAAICTAEAOw==\"><img loading=\"lazy\" alt=\"\" title=\"puffs-sofa-y-mesa-red.jpg\" data-id=\"1760\" src=\"\/\/puntogar.com\/blog\/wp-content\/uploads\/2018\/04\/puffs-sofa-y-mesa-red.jpg\" width=\"650\" height=\"427\"><\/span><\/p>\n<p><span style=\"font-size: 10px;\">&nbsp; &nbsp; &nbsp; &nbsp; Terraza con una mesa para comer, un sof\u00e1, dos peque\u00f1as mesas centrales y un puf\/&nbsp;<\/span><strong><span style=\"font-size: 10px;\">Fuente: El Mueble<\/span><\/strong><\/p>\n<p dir=\"ltr\">\n<p dir=\"ltr\"><strong>2. Plantas y flores<\/strong><\/p>\n<p dir=\"ltr\">Este es, para m\u00ed, el aspecto m\u00e1s imprescindible en cualquier balc\u00f3n o terraza. Las plantas y las flores dan much\u00edsima vida a tu casa y, por supuesto, a t\u00ed. La alegr\u00eda y energ\u00eda que transmiten te ayudar\u00e1n a afrontar los d\u00edas con mejor humor. Por no hablar de los momentos chill, ellas te acompa\u00f1ar\u00e1n en ese rato de desconexi\u00f3n<\/p>\n<p data-empty=\"true\">\n<p><span style=\"width: 100%;\"><img loading=\"lazy\" alt=\"\" title=\"flores-y-plantas.jpg\" data-id=\"1757\" style=\"\" data-src=\"\/\/puntogar.com\/blog\/wp-content\/uploads\/2018\/04\/flores-y-plantas.jpg\" src=\"\/\/puntogar.com\/blog\/wp-content\/uploads\/2018\/04\/flores-y-plantas.jpg\" width=\"450\" height=\"675\"><img loading=\"lazy\"  alt=\"\" title=\"flores-y-plantas.jpg\" data-id=\"1757\"  style=\"width: 100%;\" width=\"450\" height=\"675\" data-src=\"\/\/puntogar.com\/blog\/wp-content\/uploads\/2018\/04\/flores-y-plantas.jpg\" src=\"data:image\/gif;base64,R0lGODlhAQABAAAAACH5BAEKAAEALAAAAAABAAEAAAICTAEAOw==\"><img loading=\"lazy\"  alt=\"\" title=\"flores-y-plantas.jpg\" data-id=\"1757\"  style=\"width: 100%;\" width=\"450\" height=\"675\" data-src=\"\/\/puntogar.com\/blog\/wp-content\/uploads\/2018\/04\/flores-y-plantas.jpg\" src=\"data:image\/gif;base64,R0lGODlhAQABAAAAACH5BAEKAAEALAAAAAABAAEAAAICTAEAOw==\"><img loading=\"lazy\" alt=\"\" title=\"flores-y-plantas.jpg\" data-id=\"1757\" src=\"\/\/puntogar.com\/blog\/wp-content\/uploads\/2018\/04\/flores-y-plantas.jpg\" style=\"width: 100%;\" width=\"450\" height=\"675\"><\/span><\/p>\n<p dir=\"ltr\">\u00a1Tienes muchas opciones!<\/p>\n<p dir=\"ltr\">Puede que no tengas todo el tiempo que te gustar\u00eda para dedicarle a cuidar la decoraci\u00f3n de tu casa. Por eso, tienes la opci\u00f3n de comprar las plantas y la flores, naturales eso s\u00ed, ya con un tiempo, para no tener que plantarlas. Solo tendr\u00e1s que colocarlas de forma que quede espacio para el resto de mobiliario y, por supuesto, regarlas con regularidad.&nbsp;<\/p>\n<p dir=\"ltr\">\u00bfTe gusta dedicarle tiempo al cuidado de las flores?<\/p>\n<p dir=\"ltr\">Puedes comprar las semillas y plantarlas t\u00fa. Esto te va a llevar un poco m\u00e1s de tiempo pero, te aseguro que es una tarea muy confortable. Vas a ver nacer y crecer las flores que has elegido para tu zona chill out.<\/p>\n<p dir=\"ltr\">Si tu idea es esta,<span style=\"color: rgb(120, 226, 242);\"><a href=\"https:\/\/www.dicoro.com\/blog\/decoracion-terrazas\/5-consejos-y-muchas-ideas-para-decorar-balcones-pequenos-con-encanto\/\" rel=\"nofollow\" style=\"outline: currentcolor none medium;\"> inf\u00f3rmate<\/a><\/span> y podr\u00e1s crear tu peque\u00f1o jard\u00edn en casa.<\/p>\n<p><span style=\"width: 100%;\"><img loading=\"lazy\" alt=\"\" title=\"decoracion-exterior-con-huerto.jpg\" data-id=\"1758\" style=\"\" data-src=\"\/\/puntogar.com\/blog\/wp-content\/uploads\/2018\/04\/decoracion-exterior-con-huerto.jpg\" src=\"\/\/puntogar.com\/blog\/wp-content\/uploads\/2018\/04\/decoracion-exterior-con-huerto.jpg\" width=\"421\" height=\"540\"><img loading=\"lazy\"  alt=\"\" title=\"decoracion-exterior-con-huerto.jpg\" data-id=\"1758\"  style=\"width: 100%;\" width=\"421\" height=\"540\" data-src=\"\/\/puntogar.com\/blog\/wp-content\/uploads\/2018\/04\/decoracion-exterior-con-huerto.jpg\" src=\"data:image\/gif;base64,R0lGODlhAQABAAAAACH5BAEKAAEALAAAAAABAAEAAAICTAEAOw==\"><img loading=\"lazy\"  alt=\"\" title=\"decoracion-exterior-con-huerto.jpg\" data-id=\"1758\"  style=\"width: 100%;\" width=\"421\" height=\"540\" data-src=\"\/\/puntogar.com\/blog\/wp-content\/uploads\/2018\/04\/decoracion-exterior-con-huerto.jpg\" src=\"data:image\/gif;base64,R0lGODlhAQABAAAAACH5BAEKAAEALAAAAAABAAEAAAICTAEAOw==\"><img loading=\"lazy\" alt=\"\" title=\"decoracion-exterior-con-huerto.jpg\" data-id=\"1758\" src=\"\/\/puntogar.com\/blog\/wp-content\/uploads\/2018\/04\/decoracion-exterior-con-huerto.jpg\" style=\"width: 100%;\" width=\"421\" height=\"540\"><\/span><\/p>\n<p dir=\"ltr\"><strong>3. Mesas, sillas y taburetes<\/strong><\/p>\n<p dir=\"ltr\">\u00bfQu\u00e9 es m\u00e1s necesario que la comodidad?<\/p>\n<p dir=\"ltr\">Aqu\u00ed debes tener MUY claro el espacio del que dispones.<\/p>\n<p dir=\"ltr\">En el balc\u00f3n: la mejor opci\u00f3n son unos taburetes peque\u00f1os o unos cojines cuadrados y c\u00f3modos para sentarte sobre ellos. Si las sillas no son muy voluminosas y caben en este espacio, pueden ser tu elecci\u00f3n. En cuanto a la mesa, debe ser peque\u00f1a tambi\u00e9n. Puedes elegir una mesa central de madera o de metal, lo que mejor combine con la decoraci\u00f3n, debe ir acorde con el estilo que elijas.&nbsp;<\/p>\n<p><span style=\"width: 100%;\"><img loading=\"lazy\" alt=\"\" title=\"sillas-balcon.jpg\" data-id=\"1763\" style=\"\" data-src=\"\/\/puntogar.com\/blog\/wp-content\/uploads\/2018\/04\/sillas-balcon.jpg\" src=\"\/\/puntogar.com\/blog\/wp-content\/uploads\/2018\/04\/sillas-balcon.jpg\" width=\"550\" height=\"794\"><img loading=\"lazy\"  alt=\"\" title=\"sillas-balcon.jpg\" data-id=\"1763\"  style=\"width: 100%;\" width=\"550\" height=\"794\" data-src=\"\/\/puntogar.com\/blog\/wp-content\/uploads\/2018\/04\/sillas-balcon.jpg\" src=\"data:image\/gif;base64,R0lGODlhAQABAAAAACH5BAEKAAEALAAAAAABAAEAAAICTAEAOw==\"><img loading=\"lazy\"  alt=\"\" title=\"sillas-balcon.jpg\" data-id=\"1763\"  style=\"width: 100%;\" width=\"550\" height=\"794\" data-src=\"\/\/puntogar.com\/blog\/wp-content\/uploads\/2018\/04\/sillas-balcon.jpg\" src=\"data:image\/gif;base64,R0lGODlhAQABAAAAACH5BAEKAAEALAAAAAABAAEAAAICTAEAOw==\"><img loading=\"lazy\" alt=\"\" title=\"sillas-balcon.jpg\" data-id=\"1763\" src=\"\/\/puntogar.com\/blog\/wp-content\/uploads\/2018\/04\/sillas-balcon.jpg\" style=\"width: 100%;\" width=\"550\" height=\"794\"><\/span><\/p>\n<p>\u200b &nbsp; &nbsp; &nbsp; &nbsp; &nbsp; &nbsp; &nbsp; &nbsp; &nbsp; &nbsp; &nbsp; &nbsp; &nbsp; &nbsp; &nbsp; &nbsp; &nbsp; &nbsp; &nbsp; &nbsp; &nbsp; &nbsp; &nbsp; &nbsp; &nbsp; &nbsp; &nbsp; &nbsp; &nbsp; Balc\u00f3n con una mesa y dos sillas \u200bcolocadas de forma que dejan espacio libre\/ <strong>Fuente: alwaysinwhite<\/strong><\/p>\n<p><span style=\"width: 100%;\"><img loading=\"lazy\" alt=\"\" title=\"puf-terraza.jpg\" data-id=\"1766\" style=\"\" data-src=\"\/\/puntogar.com\/blog\/wp-content\/uploads\/2018\/04\/puf-terraza.jpg\" src=\"\/\/puntogar.com\/blog\/wp-content\/uploads\/2018\/04\/puf-terraza.jpg\" width=\"495\" height=\"549\"><img loading=\"lazy\"  alt=\"\" title=\"puf-terraza.jpg\" data-id=\"1766\"  style=\"width: 100%;\" width=\"495\" height=\"549\" data-src=\"\/\/puntogar.com\/blog\/wp-content\/uploads\/2018\/04\/puf-terraza.jpg\" src=\"data:image\/gif;base64,R0lGODlhAQABAAAAACH5BAEKAAEALAAAAAABAAEAAAICTAEAOw==\"><img loading=\"lazy\"  alt=\"\" title=\"puf-terraza.jpg\" data-id=\"1766\"  style=\"width: 100%;\" width=\"495\" height=\"549\" data-src=\"\/\/puntogar.com\/blog\/wp-content\/uploads\/2018\/04\/puf-terraza.jpg\" src=\"data:image\/gif;base64,R0lGODlhAQABAAAAACH5BAEKAAEALAAAAAABAAEAAAICTAEAOw==\"><img loading=\"lazy\" alt=\"\" title=\"puf-terraza.jpg\" data-id=\"1766\" src=\"\/\/puntogar.com\/blog\/wp-content\/uploads\/2018\/04\/puf-terraza.jpg\" style=\"width: 100%;\" width=\"495\" height=\"549\"><\/span><\/p>\n<p>\u200b<span style=\"font-size: 10px;\">&nbsp; &nbsp; &nbsp; &nbsp; &nbsp; &nbsp; &nbsp; &nbsp; &nbsp; Terraza con pufs y coj\u00edn como asientos\/&nbsp;<\/span><strong><span style=\"font-size: 10px;\">Fuente: tudecora blog<\/span><\/strong><\/p>\n<p dir=\"ltr\">En la terraza: puedes poner unos pufs tipo caj\u00f3n, en los que puedes guardar dentro objetos, tambi\u00e9n tienes la opci\u00f3n de los taburetes de madera un poco m\u00e1s altos, o directamente, unas sillas no muy voluminosas. La mesa, en esta ocasi\u00f3n puede ser grande y alta, que la podamos utilizar para comer en familia.<\/p>\n<p><span><img loading=\"lazy\" alt=\"\" title=\"terraza.jpg\" data-id=\"1767\" data-src=\"\/\/puntogar.com\/blog\/wp-content\/uploads\/2018\/04\/terraza.jpg\" src=\"\/\/puntogar.com\/blog\/wp-content\/uploads\/2018\/04\/terraza.jpg\" width=\"550\" height=\"367\"><img loading=\"lazy\"  alt=\"\" title=\"terraza.jpg\" data-id=\"1767\"  width=\"550\" height=\"367\" data-src=\"\/\/puntogar.com\/blog\/wp-content\/uploads\/2018\/04\/terraza.jpg\" src=\"data:image\/gif;base64,R0lGODlhAQABAAAAACH5BAEKAAEALAAAAAABAAEAAAICTAEAOw==\"><img loading=\"lazy\"  alt=\"\" title=\"terraza.jpg\" data-id=\"1767\"  width=\"550\" height=\"367\" data-src=\"\/\/puntogar.com\/blog\/wp-content\/uploads\/2018\/04\/terraza.jpg\" src=\"data:image\/gif;base64,R0lGODlhAQABAAAAACH5BAEKAAEALAAAAAABAAEAAAICTAEAOw==\"><img loading=\"lazy\" alt=\"\" title=\"terraza.jpg\" data-id=\"1767\" src=\"\/\/puntogar.com\/blog\/wp-content\/uploads\/2018\/04\/terraza.jpg\" width=\"550\" height=\"367\"><\/span><\/p>\n<p>\u200b &nbsp; &nbsp; &nbsp; &nbsp; &nbsp;Terraza con sof\u00e1, mesa central, silla y puf\/ <strong>Fuente: leroy merlin<\/strong><\/p>\n<p dir=\"ltr\"><strong>4. Cojines<\/strong><\/p>\n<p dir=\"ltr\">Es un detalle ideal para decorar y, a la vez, encontrar comodidad en tu terraza o balc\u00f3n.<\/p>\n<p dir=\"ltr\">Si en la terraza decides instalar un sof\u00e1, este debe estar repleto de cojines, con un estampado adecuado al dise\u00f1o del resto de mobiliario. \u00bfLa mejor opci\u00f3n en este caso? Apostar por un estilo bohemio si te gusta sentir la naturaleza o, por algo m\u00e1s n\u00f3rdico si quieres rodearte de paz y tranquilidad.<\/p>\n<p dir=\"ltr\">En el balc\u00f3n no podr\u00e1s poner tantos cojines pero no pasa nada, con dos o tres ser\u00e1 suficiente para encontrar ese punto de comodidad que buscas.<\/p>\n<p><span><img loading=\"lazy\" alt=\"\" title=\"cojines-balc\u00f3n-red.jpg\" data-id=\"1771\" data-src=\"\/\/puntogar.com\/blog\/wp-content\/uploads\/2018\/04\/cojines-balc\u00f3n-red.jpg\" src=\"\/\/puntogar.com\/blog\/wp-content\/uploads\/2018\/04\/cojines-balc\u00f3n-red.jpg\" width=\"500\" height=\"796\"><img loading=\"lazy\"  alt=\"\" title=\"cojines-balc\u00f3n-red.jpg\" data-id=\"1771\"  width=\"500\" height=\"796\" data-src=\"\/\/puntogar.com\/blog\/wp-content\/uploads\/2018\/04\/cojines-balc\u00f3n-red.jpg\" src=\"data:image\/gif;base64,R0lGODlhAQABAAAAACH5BAEKAAEALAAAAAABAAEAAAICTAEAOw==\"><img loading=\"lazy\"  alt=\"\" title=\"cojines-balc\u00f3n-red.jpg\" data-id=\"1771\"  width=\"500\" height=\"796\" data-src=\"\/\/puntogar.com\/blog\/wp-content\/uploads\/2018\/04\/cojines-balc\u00f3n-red.jpg\" src=\"data:image\/gif;base64,R0lGODlhAQABAAAAACH5BAEKAAEALAAAAAABAAEAAAICTAEAOw==\"><img loading=\"lazy\" alt=\"\" title=\"cojines-balc\u00f3n-red.jpg\" data-id=\"1771\" src=\"\/\/puntogar.com\/blog\/wp-content\/uploads\/2018\/04\/cojines-balc\u00f3n-red.jpg\" width=\"500\" height=\"796\"><\/span><\/p>\n<p>\u200b<span style=\"font-size: 10px;\">Cojines en el sof\u00e1 del balc\u00f3n\/&nbsp;<\/span><strong><span style=\"font-size: 10px;\">Fuente: Pinterest<\/span><\/strong><\/p>\n<p>\u200bAqu\u00ed tienes <span style=\"color: rgb(110, 217, 230);\"><a href=\"http:\/\/www.elmueble.com\/estancias\/terrazas\/piezas-imprescindibles-para-terrazas-pequenas_41176\/2\" rel=\"nofollow\" style=\"outline: currentcolor none medium;\">varias ideas<\/a><\/span> que te pueden ayudar.<\/p>\n<p><span style=\"width: 100%;\"><img loading=\"lazy\" alt=\"\" title=\"sofa-bohemio.jpg\" data-id=\"1759\" style=\"\" data-src=\"\/\/puntogar.com\/blog\/wp-content\/uploads\/2018\/04\/sofa-bohemio.jpg\" src=\"\/\/puntogar.com\/blog\/wp-content\/uploads\/2018\/04\/sofa-bohemio.jpg\" width=\"550\" height=\"367\"><img loading=\"lazy\"  alt=\"\" title=\"sofa-bohemio.jpg\" data-id=\"1759\"  style=\"width: 100%;\" width=\"550\" height=\"367\" data-src=\"\/\/puntogar.com\/blog\/wp-content\/uploads\/2018\/04\/sofa-bohemio.jpg\" src=\"data:image\/gif;base64,R0lGODlhAQABAAAAACH5BAEKAAEALAAAAAABAAEAAAICTAEAOw==\"><img loading=\"lazy\"  alt=\"\" title=\"sofa-bohemio.jpg\" data-id=\"1759\"  style=\"width: 100%;\" width=\"550\" height=\"367\" data-src=\"\/\/puntogar.com\/blog\/wp-content\/uploads\/2018\/04\/sofa-bohemio.jpg\" src=\"data:image\/gif;base64,R0lGODlhAQABAAAAACH5BAEKAAEALAAAAAABAAEAAAICTAEAOw==\"><img loading=\"lazy\" alt=\"\" title=\"sofa-bohemio.jpg\" data-id=\"1759\" src=\"\/\/puntogar.com\/blog\/wp-content\/uploads\/2018\/04\/sofa-bohemio.jpg\" style=\"width: 100%;\" width=\"550\" height=\"367\"><\/span><\/p>\n<p dir=\"ltr\"><strong>5. Toldo, p\u00e9rgola o telas<\/strong><\/p>\n<p dir=\"ltr\">Da igual donde vivas o como tengas ubicada tu casa, es casi seguro que en alg\u00fan momento del d\u00eda d\u00e9 el sol con mucha intensidad y llegue a molestarte.<\/p>\n<p dir=\"ltr\">En el balc\u00f3n la soluci\u00f3n m\u00e1s infalible es el toldo enrollable. De esta forma puedes prescindir de \u00e9l cuando no lo necesites, por ejemplo los d\u00edas de mucho aire, y bajarlo cuando el sol aceche durante mucho rato. Este te proteger\u00e1 de los rayos UV y tambi\u00e9n de muchas miradas externas.&nbsp;<\/p>\n<p><span><img loading=\"lazy\" alt=\"\" title=\"toldo-enrollable.jpg\" data-id=\"1773\" data-src=\"\/\/puntogar.com\/blog\/wp-content\/uploads\/2018\/04\/toldo-enrollable.jpg\" src=\"\/\/puntogar.com\/blog\/wp-content\/uploads\/2018\/04\/toldo-enrollable.jpg\" width=\"564\" height=\"323\"><img loading=\"lazy\"  alt=\"\" title=\"toldo-enrollable.jpg\" data-id=\"1773\"  width=\"564\" height=\"323\" data-src=\"\/\/puntogar.com\/blog\/wp-content\/uploads\/2018\/04\/toldo-enrollable.jpg\" src=\"data:image\/gif;base64,R0lGODlhAQABAAAAACH5BAEKAAEALAAAAAABAAEAAAICTAEAOw==\"><img loading=\"lazy\"  alt=\"\" title=\"toldo-enrollable.jpg\" data-id=\"1773\"  width=\"564\" height=\"323\" data-src=\"\/\/puntogar.com\/blog\/wp-content\/uploads\/2018\/04\/toldo-enrollable.jpg\" src=\"data:image\/gif;base64,R0lGODlhAQABAAAAACH5BAEKAAEALAAAAAABAAEAAAICTAEAOw==\"><img loading=\"lazy\" alt=\"\" title=\"toldo-enrollable.jpg\" data-id=\"1773\" src=\"\/\/puntogar.com\/blog\/wp-content\/uploads\/2018\/04\/toldo-enrollable.jpg\" width=\"564\" height=\"323\"><\/span><\/p>\n<p>\u200bToldo enrollable para balc\u00f3n\/ <strong>Fuente: Pinterest<\/strong><\/p>\n<p dir=\"ltr\">En la terraza hay m\u00e1s opciones. Puedes optar por el toldo pero, te voy a contar alguna idea m\u00e1s interesante. Por una parte, est\u00e1n las p\u00e9rgolas, normalmente de madera. Estas son m\u00e1s que ideales para terrazas con espacio, para poder tener un lugar protegido del sol donde comer, leer o descansar en los meses m\u00e1s calurosos. Las p\u00e9rgolas dan ese toque tan moderno y acogedor a tu espacio chill.&nbsp;<\/p>\n<p><span><img loading=\"lazy\" alt=\"\" title=\"pergola.jpg\" data-id=\"1774\" data-src=\"\/\/puntogar.com\/blog\/wp-content\/uploads\/2018\/04\/pergola.jpg\" src=\"\/\/puntogar.com\/blog\/wp-content\/uploads\/2018\/04\/pergola.jpg\" width=\"600\" height=\"400\"><img loading=\"lazy\"  alt=\"\" title=\"pergola.jpg\" data-id=\"1774\"  width=\"600\" height=\"400\" data-src=\"\/\/puntogar.com\/blog\/wp-content\/uploads\/2018\/04\/pergola.jpg\" src=\"data:image\/gif;base64,R0lGODlhAQABAAAAACH5BAEKAAEALAAAAAABAAEAAAICTAEAOw==\"><img loading=\"lazy\"  alt=\"\" title=\"pergola.jpg\" data-id=\"1774\"  width=\"600\" height=\"400\" data-src=\"\/\/puntogar.com\/blog\/wp-content\/uploads\/2018\/04\/pergola.jpg\" src=\"data:image\/gif;base64,R0lGODlhAQABAAAAACH5BAEKAAEALAAAAAABAAEAAAICTAEAOw==\"><img loading=\"lazy\" alt=\"\" title=\"pergola.jpg\" data-id=\"1774\" src=\"\/\/puntogar.com\/blog\/wp-content\/uploads\/2018\/04\/pergola.jpg\" width=\"600\" height=\"400\"><\/span><\/p>\n<p>\u200bPero, si tienes el presupuesto m\u00e1s ajustado o quieres otra alternativa a la p\u00e9rgola, tambi\u00e9n puedes apostar por las telas. \u00bfQu\u00e9 es esto? Si tienes algunas s\u00e1banas, con alg\u00fan estampado o colores bonitos, puedes colgarlas en tu terraza formando una especie de techo. Esto va a disuadir los rayos solares y va a dar un aspecto m\u00e1s salvaje a tu terraza. Tambi\u00e9n puedes poner telas antimosquitos, esto te proteger\u00e1 de las molestas picaduras y aportar\u00e1 elegancia a tu hogar.<\/p>\n<p><span style=\"width: 100%;\"><img loading=\"lazy\" alt=\"\" title=\"telas-toldo-red.jpg\" data-id=\"1776\" style=\"\" data-src=\"\/\/puntogar.com\/blog\/wp-content\/uploads\/2018\/04\/telas-toldo-red.jpg\" src=\"\/\/puntogar.com\/blog\/wp-content\/uploads\/2018\/04\/telas-toldo-red.jpg\" width=\"400\" height=\"533\"><img loading=\"lazy\"  alt=\"\" title=\"telas-toldo-red.jpg\" data-id=\"1776\"  style=\"width: 100%;\" width=\"400\" height=\"533\" data-src=\"\/\/puntogar.com\/blog\/wp-content\/uploads\/2018\/04\/telas-toldo-red.jpg\" src=\"data:image\/gif;base64,R0lGODlhAQABAAAAACH5BAEKAAEALAAAAAABAAEAAAICTAEAOw==\"><img loading=\"lazy\"  alt=\"\" title=\"telas-toldo-red.jpg\" data-id=\"1776\"  style=\"width: 100%;\" width=\"400\" height=\"533\" data-src=\"\/\/puntogar.com\/blog\/wp-content\/uploads\/2018\/04\/telas-toldo-red.jpg\" src=\"data:image\/gif;base64,R0lGODlhAQABAAAAACH5BAEKAAEALAAAAAABAAEAAAICTAEAOw==\"><img loading=\"lazy\" alt=\"\" title=\"telas-toldo-red.jpg\" data-id=\"1776\" src=\"\/\/puntogar.com\/blog\/wp-content\/uploads\/2018\/04\/telas-toldo-red.jpg\" style=\"width: 100%;\" width=\"400\" height=\"533\"><\/span><\/p>\n<p>\u200b<span style=\"font-size: 10px;\">&nbsp; &nbsp; Toldo construido con telas de colores\/&nbsp;<\/span><strong><span style=\"font-size: 10px;\">Fuente: Pinterest<\/span><\/strong><\/p>\n<p><span style=\"width: 100%;\"><img loading=\"lazy\" alt=\"\" title=\"toldo-tela.jpg\" data-id=\"1775\" style=\"\" data-src=\"\/\/puntogar.com\/blog\/wp-content\/uploads\/2018\/04\/toldo-tela.jpg\" src=\"\/\/puntogar.com\/blog\/wp-content\/uploads\/2018\/04\/toldo-tela.jpg\" width=\"564\" height=\"752\"><img loading=\"lazy\"  alt=\"\" title=\"toldo-tela.jpg\" data-id=\"1775\"  style=\"width: 100%;\" width=\"564\" height=\"752\" data-src=\"\/\/puntogar.com\/blog\/wp-content\/uploads\/2018\/04\/toldo-tela.jpg\" src=\"data:image\/gif;base64,R0lGODlhAQABAAAAACH5BAEKAAEALAAAAAABAAEAAAICTAEAOw==\"><img loading=\"lazy\"  alt=\"\" title=\"toldo-tela.jpg\" data-id=\"1775\"  style=\"width: 100%;\" width=\"564\" height=\"752\" data-src=\"\/\/puntogar.com\/blog\/wp-content\/uploads\/2018\/04\/toldo-tela.jpg\" src=\"data:image\/gif;base64,R0lGODlhAQABAAAAACH5BAEKAAEALAAAAAABAAEAAAICTAEAOw==\"><img loading=\"lazy\" alt=\"\" title=\"toldo-tela.jpg\" data-id=\"1775\" src=\"\/\/puntogar.com\/blog\/wp-content\/uploads\/2018\/04\/toldo-tela.jpg\" style=\"width: 100%;\" width=\"564\" height=\"752\"><\/span><\/p>\n<p>\u200b &nbsp; &nbsp; Toldo asim\u00e9trico\/ <strong>Fuente: Pinterest<\/strong><\/p>\n<\/p>\n<p dir=\"ltr\"><strong>6. La barbacoa<\/strong><\/p>\n<p dir=\"ltr\">Evidentemente este es un detalle complicado de instalar en el balc\u00f3n pero, si dispones de una terraza, \u00a1la barbacoa es necesaria!<\/p>\n<p><span><img loading=\"lazy\" alt=\"\" title=\"barbacoa-terraza.jpg\" data-id=\"1804\" data-src=\"\/\/puntogar.com\/blog\/wp-content\/uploads\/2018\/04\/barbacoa-terraza.jpg\" src=\"\/\/puntogar.com\/blog\/wp-content\/uploads\/2018\/04\/barbacoa-terraza.jpg\" width=\"700\" height=\"467\"><img loading=\"lazy\"  alt=\"\" title=\"barbacoa-terraza.jpg\" data-id=\"1804\"  width=\"700\" height=\"467\" data-src=\"\/\/puntogar.com\/blog\/wp-content\/uploads\/2018\/04\/barbacoa-terraza.jpg\" src=\"data:image\/gif;base64,R0lGODlhAQABAAAAACH5BAEKAAEALAAAAAABAAEAAAICTAEAOw==\"><img loading=\"lazy\"  alt=\"\" title=\"barbacoa-terraza.jpg\" data-id=\"1804\"  width=\"700\" height=\"467\" data-src=\"\/\/puntogar.com\/blog\/wp-content\/uploads\/2018\/04\/barbacoa-terraza.jpg\" src=\"data:image\/gif;base64,R0lGODlhAQABAAAAACH5BAEKAAEALAAAAAABAAEAAAICTAEAOw==\"><img loading=\"lazy\" alt=\"\" title=\"barbacoa-terraza.jpg\" data-id=\"1804\" src=\"\/\/puntogar.com\/blog\/wp-content\/uploads\/2018\/04\/barbacoa-terraza.jpg\" width=\"700\" height=\"467\"><\/span><\/p>\n<p dir=\"ltr\">Puedes comprarla ya con su cuerpo y sus patas o, por el contrario, puedes construirla t\u00fa. Para esto necesitas algo de tiempo y tener buenas manos con la obra. Si decides hacer tu propia barbacoa seguro que ahorras mucho espacio ya que puedes elegir d\u00f3nde instalarla y el tama\u00f1o exacto de esta.<\/p>\n<p dir=\"ltr\">\u00a1No es nada dif\u00edcil! Todo es ponerle un poquito de ganas.<\/p>\n<p><span style=\"width: 100%;\"><img loading=\"lazy\" alt=\"\" title=\"barbacoa-de-ladrillos-red.jpg\" data-id=\"1777\" style=\"\" data-src=\"\/\/puntogar.com\/blog\/wp-content\/uploads\/2018\/04\/barbacoa-de-ladrillos-red.jpg\" src=\"\/\/puntogar.com\/blog\/wp-content\/uploads\/2018\/04\/barbacoa-de-ladrillos-red.jpg\" width=\"650\" height=\"431\"><img loading=\"lazy\"  alt=\"\" title=\"barbacoa-de-ladrillos-red.jpg\" data-id=\"1777\"  style=\"width: 100%;\" width=\"650\" height=\"431\" data-src=\"\/\/puntogar.com\/blog\/wp-content\/uploads\/2018\/04\/barbacoa-de-ladrillos-red.jpg\" src=\"data:image\/gif;base64,R0lGODlhAQABAAAAACH5BAEKAAEALAAAAAABAAEAAAICTAEAOw==\"><img loading=\"lazy\"  alt=\"\" title=\"barbacoa-de-ladrillos-red.jpg\" data-id=\"1777\"  style=\"width: 100%;\" width=\"650\" height=\"431\" data-src=\"\/\/puntogar.com\/blog\/wp-content\/uploads\/2018\/04\/barbacoa-de-ladrillos-red.jpg\" src=\"data:image\/gif;base64,R0lGODlhAQABAAAAACH5BAEKAAEALAAAAAABAAEAAAICTAEAOw==\"><img loading=\"lazy\" alt=\"\" title=\"barbacoa-de-ladrillos-red.jpg\" data-id=\"1777\" src=\"\/\/puntogar.com\/blog\/wp-content\/uploads\/2018\/04\/barbacoa-de-ladrillos-red.jpg\" style=\"width: 100%;\" width=\"650\" height=\"431\"><\/span><\/p>\n<p>\u200b &nbsp; &nbsp; &nbsp; &nbsp;Barbacoa construida con ladrillos\/ <strong>Fuente: Parrilla El\u00e9ctrica<\/strong><\/p>\n<p dir=\"ltr\"><strong>7. \u200bMuebles y decoraci\u00f3n propia<\/strong><\/p>\n<p dir=\"ltr\">Con un poquito de imaginaci\u00f3n y algo de tiempo, puedes crear un espacio chill out realmente inigualable. Puedes hacerlo y sin gastarte ni un euro.<\/p>\n<p dir=\"ltr\">Por ejemplo, esto es muy t\u00edpico pero realmente f\u00e1cil de hacer, adem\u00e1s de lo bien que queda en una terraza o balc\u00f3n, los palets. Puedes conseguir de diferentes tama\u00f1os y con ellos crear un sof\u00e1, una mesa central o los taburetes de los que te hablaba antes. Estos palets los puedes barnizar para que quede un color madera natural o, por el contrario, pintarlos blancos, marr\u00f3n o incluso granate.&nbsp;<\/p>\n<p><span><img loading=\"lazy\" alt=\"\" title=\"mesa-palets-red.jpg\" data-id=\"1780\" data-src=\"\/\/puntogar.com\/blog\/wp-content\/uploads\/2018\/04\/mesa-palets-red.jpg\" src=\"\/\/puntogar.com\/blog\/wp-content\/uploads\/2018\/04\/mesa-palets-red.jpg\" width=\"700\" height=\"394\"><img loading=\"lazy\"  alt=\"\" title=\"mesa-palets-red.jpg\" data-id=\"1780\"  width=\"700\" height=\"394\" data-src=\"\/\/puntogar.com\/blog\/wp-content\/uploads\/2018\/04\/mesa-palets-red.jpg\" src=\"data:image\/gif;base64,R0lGODlhAQABAAAAACH5BAEKAAEALAAAAAABAAEAAAICTAEAOw==\"><img loading=\"lazy\"  alt=\"\" title=\"mesa-palets-red.jpg\" data-id=\"1780\"  width=\"700\" height=\"394\" data-src=\"\/\/puntogar.com\/blog\/wp-content\/uploads\/2018\/04\/mesa-palets-red.jpg\" src=\"data:image\/gif;base64,R0lGODlhAQABAAAAACH5BAEKAAEALAAAAAABAAEAAAICTAEAOw==\"><img loading=\"lazy\" alt=\"\" title=\"mesa-palets-red.jpg\" data-id=\"1780\" src=\"\/\/puntogar.com\/blog\/wp-content\/uploads\/2018\/04\/mesa-palets-red.jpg\" width=\"700\" height=\"394\"><\/span><\/p>\n<p>\u200b<span style=\"font-size: 10px;\">Mesa y sof\u00e1 hecha con palets\/&nbsp;<\/span><strong><span style=\"font-size: 10px;\">Fuente: I Love Palets<\/span><\/strong><\/p>\n<p><span style=\"width: 100%;\"><img loading=\"lazy\" alt=\"\" title=\"macetas.jpg\" data-id=\"1781\" style=\"\" data-src=\"\/\/puntogar.com\/blog\/wp-content\/uploads\/2018\/04\/macetas.jpg\" src=\"\/\/puntogar.com\/blog\/wp-content\/uploads\/2018\/04\/macetas.jpg\" width=\"900\" height=\"600\"><img loading=\"lazy\"  alt=\"\" title=\"macetas.jpg\" data-id=\"1781\"  style=\"width: 100%;\" width=\"900\" height=\"600\" data-src=\"\/\/puntogar.com\/blog\/wp-content\/uploads\/2018\/04\/macetas.jpg\" src=\"data:image\/gif;base64,R0lGODlhAQABAAAAACH5BAEKAAEALAAAAAABAAEAAAICTAEAOw==\"><img loading=\"lazy\"  alt=\"\" title=\"macetas.jpg\" data-id=\"1781\"  style=\"width: 100%;\" width=\"900\" height=\"600\" data-src=\"\/\/puntogar.com\/blog\/wp-content\/uploads\/2018\/04\/macetas.jpg\" src=\"data:image\/gif;base64,R0lGODlhAQABAAAAACH5BAEKAAEALAAAAAABAAEAAAICTAEAOw==\"><img loading=\"lazy\" alt=\"\" title=\"macetas.jpg\" data-id=\"1781\" src=\"\/\/puntogar.com\/blog\/wp-content\/uploads\/2018\/04\/macetas.jpg\" style=\"width: 100%;\" width=\"900\" height=\"600\"><\/span><\/p>\n<p dir=\"ltr\">Puedes decorar estos espacios y, a la vez, reciclar. \u00bfC\u00f3mo? \u00a1Muy sencillo! Debes guardar alguna botella de vidrio, los vasos de cristal de yogurt, o cualquier caja de fruta que vayas a tirar. Antes de hacerlo, debes pensar lo bien que pueden quedar con un toque de pintura.<\/p>\n<p dir=\"ltr\">\u200b\u00a1Ideas hay much\u00edsimas!<\/p>\n<p>\u200bUn vaso o botella de vidrio pintados con un color vivo y alegre, con un detalle ideal para m\u00ed como es la cuerda fina imitaci\u00f3n de mimbre, va a decorar tu chill out como ninguno y, sin gastarte apenas dinero.<\/p>\n<p><span style=\"width: 100%;\"><img loading=\"lazy\" alt=\"\" title=\"vasos-pintados-red.jpg\" data-id=\"1805\" style=\"\" data-src=\"\/\/puntogar.com\/blog\/wp-content\/uploads\/2018\/04\/vasos-pintados-red.jpg\" src=\"\/\/puntogar.com\/blog\/wp-content\/uploads\/2018\/04\/vasos-pintados-red.jpg\" width=\"750\" height=\"563\"><img loading=\"lazy\"  alt=\"\" title=\"vasos-pintados-red.jpg\" data-id=\"1805\"  style=\"width: 100%;\" width=\"750\" height=\"563\" data-src=\"\/\/puntogar.com\/blog\/wp-content\/uploads\/2018\/04\/vasos-pintados-red.jpg\" src=\"data:image\/gif;base64,R0lGODlhAQABAAAAACH5BAEKAAEALAAAAAABAAEAAAICTAEAOw==\"><img loading=\"lazy\"  alt=\"\" title=\"vasos-pintados-red.jpg\" data-id=\"1805\"  style=\"width: 100%;\" width=\"750\" height=\"563\" data-src=\"\/\/puntogar.com\/blog\/wp-content\/uploads\/2018\/04\/vasos-pintados-red.jpg\" src=\"data:image\/gif;base64,R0lGODlhAQABAAAAACH5BAEKAAEALAAAAAABAAEAAAICTAEAOw==\"><img loading=\"lazy\" alt=\"\" title=\"vasos-pintados-red.jpg\" data-id=\"1805\" src=\"\/\/puntogar.com\/blog\/wp-content\/uploads\/2018\/04\/vasos-pintados-red.jpg\" style=\"width: 100%;\" width=\"750\" height=\"563\"><\/span><\/p>\n<p dir=\"ltr\">\u00bfOtro detalle que no falla?<\/p>\n<p dir=\"ltr\">Tambi\u00e9n con botellas de vidrio transparente, usarlas como macetas colgantes.<\/p>\n<p dir=\"ltr\">\u00bfC\u00f3mo? En esta foto te lo muestro:<\/p>\n<p><span style=\"width: 100%;\"><img loading=\"lazy\" alt=\"\" title=\"botellas-macetas.jpg\" data-id=\"1778\" style=\"\" data-src=\"\/\/puntogar.com\/blog\/wp-content\/uploads\/2018\/04\/botellas-macetas.jpg\" src=\"\/\/puntogar.com\/blog\/wp-content\/uploads\/2018\/04\/botellas-macetas.jpg\" width=\"1000\" height=\"667\"><img loading=\"lazy\"  alt=\"\" title=\"botellas-macetas.jpg\" data-id=\"1778\"  style=\"width: 100%;\" width=\"1000\" height=\"667\" data-src=\"\/\/puntogar.com\/blog\/wp-content\/uploads\/2018\/04\/botellas-macetas.jpg\" src=\"data:image\/gif;base64,R0lGODlhAQABAAAAACH5BAEKAAEALAAAAAABAAEAAAICTAEAOw==\"><img loading=\"lazy\"  alt=\"\" title=\"botellas-macetas.jpg\" data-id=\"1778\"  style=\"width: 100%;\" width=\"1000\" height=\"667\" data-src=\"\/\/puntogar.com\/blog\/wp-content\/uploads\/2018\/04\/botellas-macetas.jpg\" src=\"data:image\/gif;base64,R0lGODlhAQABAAAAACH5BAEKAAEALAAAAAABAAEAAAICTAEAOw==\"><img loading=\"lazy\" alt=\"\" title=\"botellas-macetas.jpg\" data-id=\"1778\" src=\"\/\/puntogar.com\/blog\/wp-content\/uploads\/2018\/04\/botellas-macetas.jpg\" style=\"width: 100%;\" width=\"1000\" height=\"667\"><\/span><\/p>\n<p dir=\"ltr\"><strong>8. Bombillas retro<\/strong><\/p>\n<p dir=\"ltr\">Para acabar, SUPER importante, \u00a1la luz!<\/p>\n<p dir=\"ltr\">Un balc\u00f3n o una terraza debe tener una buena luz. Llegan los meses de calor y, como no, los ratos al aire libre por la noche van a ser m\u00e1s que necesarios.<\/p>\n<p dir=\"ltr\">Tienes muchas opciones de l\u00e1mparas pero, las m\u00e1s estilosas y modernas son las bombillas retro. Van a aportar una luz c\u00e1lida y agradable a tu zona chill y, acompa\u00f1ar\u00e1n al estilo que elijas, sea bohemio, n\u00f3rdico o industrial. \u00a1Quedan bien con todo!<\/p>\n<p><span style=\"width: 100%;\"><img loading=\"lazy\" alt=\"\" title=\"luz-nocturna-velas.jpg\" data-id=\"1783\" style=\"\" data-src=\"\/\/puntogar.com\/blog\/wp-content\/uploads\/2018\/04\/luz-nocturna-velas.jpg\" src=\"\/\/puntogar.com\/blog\/wp-content\/uploads\/2018\/04\/luz-nocturna-velas.jpg\" width=\"554\" height=\"891\"><img loading=\"lazy\"  alt=\"\" title=\"luz-nocturna-velas.jpg\" data-id=\"1783\"  style=\"width: 100%;\" width=\"554\" height=\"891\" data-src=\"\/\/puntogar.com\/blog\/wp-content\/uploads\/2018\/04\/luz-nocturna-velas.jpg\" src=\"data:image\/gif;base64,R0lGODlhAQABAAAAACH5BAEKAAEALAAAAAABAAEAAAICTAEAOw==\"><img loading=\"lazy\"  alt=\"\" title=\"luz-nocturna-velas.jpg\" data-id=\"1783\"  style=\"width: 100%;\" width=\"554\" height=\"891\" data-src=\"\/\/puntogar.com\/blog\/wp-content\/uploads\/2018\/04\/luz-nocturna-velas.jpg\" src=\"data:image\/gif;base64,R0lGODlhAQABAAAAACH5BAEKAAEALAAAAAABAAEAAAICTAEAOw==\"><img loading=\"lazy\" alt=\"\" title=\"luz-nocturna-velas.jpg\" data-id=\"1783\" src=\"\/\/puntogar.com\/blog\/wp-content\/uploads\/2018\/04\/luz-nocturna-velas.jpg\" style=\"width: 100%;\" width=\"554\" height=\"891\"><\/span><\/p>\n<p>\u200b<span style=\"font-size: 10px;\">Balc\u00f3n iluminado con velas y luces\/&nbsp;<\/span><strong><span style=\"font-size: 10px;\">Fuente: digsdigs<\/span><\/strong><\/p>\n<p><span style=\"width: 100%;\"><img loading=\"lazy\" alt=\"\" title=\"bombilla-retro.jpg\" data-id=\"1782\" style=\"\" data-src=\"\/\/puntogar.com\/blog\/wp-content\/uploads\/2018\/04\/bombilla-retro.jpg\" src=\"\/\/puntogar.com\/blog\/wp-content\/uploads\/2018\/04\/bombilla-retro.jpg\" width=\"1000\" height=\"667\"><img loading=\"lazy\"  alt=\"\" title=\"bombilla-retro.jpg\" data-id=\"1782\"  style=\"width: 100%;\" width=\"1000\" height=\"667\" data-src=\"\/\/puntogar.com\/blog\/wp-content\/uploads\/2018\/04\/bombilla-retro.jpg\" src=\"data:image\/gif;base64,R0lGODlhAQABAAAAACH5BAEKAAEALAAAAAABAAEAAAICTAEAOw==\"><img loading=\"lazy\"  alt=\"\" title=\"bombilla-retro.jpg\" data-id=\"1782\"  style=\"width: 100%;\" width=\"1000\" height=\"667\" data-src=\"\/\/puntogar.com\/blog\/wp-content\/uploads\/2018\/04\/bombilla-retro.jpg\" src=\"data:image\/gif;base64,R0lGODlhAQABAAAAACH5BAEKAAEALAAAAAABAAEAAAICTAEAOw==\"><img loading=\"lazy\" alt=\"\" title=\"bombilla-retro.jpg\" data-id=\"1782\" src=\"\/\/puntogar.com\/blog\/wp-content\/uploads\/2018\/04\/bombilla-retro.jpg\" style=\"width: 100%;\" width=\"1000\" height=\"667\"><\/span><\/p>\n<p dir=\"ltr\">En <strong>conclusi\u00f3n<\/strong>,<\/p>\n<p dir=\"ltr\">Si tienes la suerte de tener un balc\u00f3n bastante grande como para crear tu zona chill out o, mejor a\u00fan, tu casa o piso est\u00e1 acompa\u00f1ada de una buena terraza, \u00a1es hora de ponerte manos a la obra!<\/p>\n<p dir=\"ltr\">Sentirte agusto en tu casa es lo m\u00e1s importante, por eso, \u00bfqu\u00e9 mejor que crear una zona privada de confort y relax?<\/p>\n<p dir=\"ltr\">Puedes conseguir art\u00edculos mobiliarios y decorativos que te he nombrado o, por el contrario, construirlos t\u00fa con viejas cajas, botellas o cualquier objeto que tengas en casa y pensabas tirar.<\/p>\n<p dir=\"ltr\">Por supuesto, lo m\u00e1s importante para m\u00ed, \u00a1no te olvides de las plantas y las flores! Son el detalle que dar\u00e1 vida a tu chill out.<\/p>\n<p dir=\"ltr\">\u00bfQu\u00e9 te parecen estas ideas?<\/p>\n<p dir=\"ltr\">\u00bfTienes alguna m\u00e1s? Cu\u00e9ntamela<\/p>\n<p>\u200bAqu\u00ed tienes un breve resumen de todo lo que te he explicado:<\/p>\n<\/p>\n<p><span><img loading=\"lazy\" alt=\"\" title=\"8TIPSDECORARTERRAZA_PINTEREST_INFOGRAFIA-copia-copia.jpg\" data-id=\"2000\" data-src=\"\/\/puntogar.com\/blog\/wp-content\/uploads\/2018\/06\/8TIPSDECORARTERRAZA_PINTEREST_INFOGRAFIA-copia-copia.jpg\" src=\"\/\/puntogar.com\/blog\/wp-content\/uploads\/2018\/06\/8TIPSDECORARTERRAZA_PINTEREST_INFOGRAFIA-copia-copia.jpg\" width=\"1696\" height=\"3114\"><img loading=\"lazy\"  alt=\"\" title=\"8TIPSDECORARTERRAZA_PINTEREST_INFOGRAFIA-copia-copia.jpg\" data-id=\"2000\"  width=\"1696\" height=\"3114\" data-src=\"\/\/puntogar.com\/blog\/wp-content\/uploads\/2018\/06\/8TIPSDECORARTERRAZA_PINTEREST_INFOGRAFIA-copia-copia.jpg\" src=\"data:image\/gif;base64,R0lGODlhAQABAAAAACH5BAEKAAEALAAAAAABAAEAAAICTAEAOw==\"><img loading=\"lazy\"  alt=\"\" title=\"8TIPSDECORARTERRAZA_PINTEREST_INFOGRAFIA-copia-copia.jpg\" data-id=\"2000\"  width=\"1696\" height=\"3114\" data-src=\"\/\/puntogar.com\/blog\/wp-content\/uploads\/2018\/06\/8TIPSDECORARTERRAZA_PINTEREST_INFOGRAFIA-copia-copia.jpg\" src=\"data:image\/gif;base64,R0lGODlhAQABAAAAACH5BAEKAAEALAAAAAABAAEAAAICTAEAOw==\"><img loading=\"lazy\" alt=\"\" title=\"8TIPSDECORARTERRAZA_PINTEREST_INFOGRAFIA-copia-copia.jpg\" data-id=\"2000\" src=\"\/\/puntogar.com\/blog\/wp-content\/uploads\/2018\/06\/8TIPSDECORARTERRAZA_PINTEREST_INFOGRAFIA-copia-copia.jpg\" width=\"1696\" height=\"3114\"><\/span><\/p>\n","protected":false},"excerpt":{"rendered":"<p>Los d\u00edas de sol cada vez son m\u00e1s abundantes. Las temperaturas suben y, con ellas, las ganas de disfrutar del buen tiempo aumentan cada vez m\u00e1s. Despu\u00e9s del invierno, parece que tu casa sigue apagada, arrastrando a\u00fan esa sensaci\u00f3n de&#8230; <a class=\"more-link\" href=\"https:\/\/puntogar.com\/blog\/8-tips-decorar-terraza-balcon\">Seguir leyendo &rarr;<\/a><\/p>\n","protected":false},"author":2,"featured_media":1803,"comment_status":"open","ping_status":"open","sticky":false,"template":"","format":"standard","meta":{"amp_status":""},"categories":[3],"tags":[],"_links":{"self":[{"href":"https:\/\/puntogar.com\/blog\/wp-json\/wp\/v2\/posts\/1754"}],"collection":[{"href":"https:\/\/puntogar.com\/blog\/wp-json\/wp\/v2\/posts"}],"about":[{"href":"https:\/\/puntogar.com\/blog\/wp-json\/wp\/v2\/types\/post"}],"author":[{"embeddable":true,"href":"https:\/\/puntogar.com\/blog\/wp-json\/wp\/v2\/users\/2"}],"replies":[{"embeddable":true,"href":"https:\/\/puntogar.com\/blog\/wp-json\/wp\/v2\/comments?post=1754"}],"version-history":[{"count":21,"href":"https:\/\/puntogar.com\/blog\/wp-json\/wp\/v2\/posts\/1754\/revisions"}],"predecessor-version":[{"id":2792,"href":"https:\/\/puntogar.com\/blog\/wp-json\/wp\/v2\/posts\/1754\/revisions\/2792"}],"wp:featuredmedia":[{"embeddable":true,"href":"https:\/\/puntogar.com\/blog\/wp-json\/wp\/v2\/media\/1803"}],"wp:attachment":[{"href":"https:\/\/puntogar.com\/blog\/wp-json\/wp\/v2\/media?parent=1754"}],"wp:term":[{"taxonomy":"category","embeddable":true,"href":"https:\/\/puntogar.com\/blog\/wp-json\/wp\/v2\/categories?post=1754"},{"taxonomy":"post_tag","embeddable":true,"href":"https:\/\/puntogar.com\/blog\/wp-json\/wp\/v2\/tags?post=1754"}],"curies":[{"name":"wp","href":"https:\/\/api.w.org\/{rel}","templated":true}]}}